{"id":6906,"date":"2025-02-18T09:32:25","date_gmt":"2025-02-18T08:32:25","guid":{"rendered":"https:\/\/www.ondoan.com\/?p=6906"},"modified":"2025-02-18T09:32:25","modified_gmt":"2025-02-18T08:32:25","slug":"parte-hartzea-direbuseko-bidaiarien-errepideko-garraioko-eteen-elkarteko-kongresuan","status":"publish","type":"post","link":"https:\/\/www.ondoan.com\/eu\/parte-hartzea-direbuseko-bidaiarien-errepideko-garraioko-eteen-elkarteko-kongresuan","title":{"rendered":"Parte hartzea Direb\u00faseko, bidaiarien errepideko garraioko ETEen elkarteko, Kongresuan"},"content":{"rendered":"<p style=\"font-weight: 400;\">I\u00f1aki Llanak, Urven Solutionsen ordezkari gisa, Direb\u00fas Espa\u00f1aren, \u2013bidaiarien errepideko garraioko eta mugikortasuneko ETEak biltzen dituen autobus enpresen elkartea\u2013, IV. Kongresu Nazionalaren harira antolatutako Mahai Inguruan parte hartu zuen otsailaren 13an, Barbera del Vallesen (Bartzelona).<\/p>\n<p style=\"font-weight: 400;\">ONDOANek partaidetza nagusia duen Urven Solutions enpresa kataluniarra aditua da energia berriztagarriak, batez ere eguzki energia, integratzeko elementuak diseinatzen eta industrializatzen aparkalekuetarako markesinen bidez. Modelo horietako batzuk Kongresuko enpresaren standean erakutsi ziren.<\/p>\n<p style=\"font-weight: 400;\">\u201cKostuak aurrezteko proposamenak\u201d kongresu tartean egin zen Mahai Ingurua produktuen hornitzailearen eta garraiolariarentzako zerbitzuen ikuspegitik eraginkortasunari buruz hausnartzera bideratuta egon zen, baita arlo horretako produktuaren berrikuntzei buruz hausnartzera ere.<\/p>\n<p style=\"font-weight: 400;\">Testuinguru horretan, eztabaida beste horrenbeste zerbitzu arlotan espezializatutako zazpi enpresaren ikuspegietatik gauzatu zen. Hala, I\u00f1aki Llana, URVEN Solutionsen izenean, Eguzki Energiako ekipoen bidez Sorkuntza Elektrikoarekin erlazionatutako zerbitzuez arduratu zen; LOCATELeko Marcelino Rodr\u00edguez, Takografoen araudian zentratu zen; MOEVEko Javier L\u00f3pez-Aranguren, Erregaietan; CONVERSIAko Emilio Seder, Eskola Garraioan; DEEPko Jean Marques, Telekomunikazioetan; VOLCANOko Alberto Lafuente, Kudeaketa Teknologian; eta JALTESTeko Gonzalo C\u00f3rdoba, Telematika Aurreratuan.<\/p>\n<p>IV Kongresu Nazional horren antolaketarekin, Direb\u00fasek errepideko bidaiarien sektoreko ETEei laguntzeko konpromisoa berretsi du, herrialdeko mugikortasunean eta ekonomian duen funtsezko zeregina indartuz.<\/p>\n<p><img loading=\"lazy\" class=\"img-responsive\" src=\"https:\/\/www.ondoan.com\/img\/2025\/02\/direbus1.png\" alt=\"\" width=\"1441\" height=\"1080\" \/> <img loading=\"lazy\" class=\"img-responsive\" src=\"https:\/\/www.ondoan.com\/img\/2025\/02\/direbus2.png\" alt=\"\" width=\"1439\" height=\"1080\" \/> <img loading=\"lazy\" class=\"img-responsive\" src=\"https:\/\/www.ondoan.com\/img\/2025\/02\/direbus3.png\" alt=\"\" width=\"1086\" height=\"1080\" \/><\/p>\n<p style=\"font-weight: 400;\">\n<p style=\"font-weight: 400;\">\n<!-- AddThis Advanced Settings generic via filter on the_content --><!-- AddThis Share Buttons generic via filter on the_content -->","protected":false},"excerpt":{"rendered":"I\u00f1aki Llanak, Urven Solutionsen ordezkari gisa, Direb\u00fas Espa\u00f1aren, \u2013bidaiarien errepideko garraioko eta mugikortasuneko ETEak biltzen dituen autobus enpresen elkartea\u2013, IV. Kongresu Nazionalaren harira antolatutako Mahai Inguruan parte hartu zuen otsailaren&#8230; <a href=\"https:\/\/www.ondoan.com\/eu\/parte-hartzea-direbuseko-bidaiarien-errepideko-garraioko-eteen-elkarteko-kongresuan\">[+]<\/a><!-- AddThis Advanced Settings generic via filter on get_the_excerpt --><!-- AddThis Share Buttons generic via filter on get_the_excerpt -->","protected":false},"author":5,"featured_media":6901,"comment_status":"open","ping_status":"open","sticky":false,"template":"","format":"standard","meta":{"_exactmetrics_skip_tracking":false,"_exactmetrics_sitenote_active":false,"_exactmetrics_sitenote_note":"","_exactmetrics_sitenote_category":0,"_monsterinsights_skip_tracking":false,"_monsterinsights_sitenote_active":false,"_monsterinsights_sitenote_note":"","_monsterinsights_sitenote_category":0,"_uf_show_specific_survey":0,"_uf_disable_surveys":false},"categories":[11],"tags":[],"acf":[],"aioseo_notices":[],"yoast_head":"<!-- This site is optimized with the Yoast SEO plugin v18.9 - https:\/\/yoast.com\/wordpress\/plugins\/seo\/ -->\n<title>Parte hartzea Direb\u00faseko, bidaiarien errepideko garraioko ETEen elkarteko, Kongresuan - Ondoan<\/title>\n<meta name=\"description\" content=\"I\u00f1aki Llanak, Urven Solutionsen ordezkari gisa, Direb\u00fas Espa\u00f1aren, \u2013bidaiarien errepideko garraioko eta mugikortasuneko ETEak biltzen dituen autobus enpresen elkartea\u2013, IV. Kongresu Nazionalaren harira antolatutako Mahai Inguruan parte hartu zuen otsailaren 13an, Barbera del Vallesen (Bartzelona).\" \/>\n<meta name=\"robots\" content=\"index, follow, max-snippet:-1, max-image-preview:large, max-video-preview:-1\" \/>\n<link rel=\"canonical\" href=\"https:\/\/www.ondoan.com\/eu\/parte-hartzea-direbuseko-bidaiarien-errepideko-garraioko-eteen-elkarteko-kongresuan\" \/>\n<meta property=\"og:locale\" content=\"en_US\" \/>\n<meta property=\"og:type\" content=\"article\" \/>\n<meta property=\"og:title\" content=\"Parte hartzea Direb\u00faseko, bidaiarien errepideko garraioko ETEen elkarteko, Kongresuan - Ondoan\" \/>\n<meta property=\"og:description\" content=\"I\u00f1aki Llanak, Urven Solutionsen ordezkari gisa, Direb\u00fas Espa\u00f1aren, \u2013bidaiarien errepideko garraioko eta mugikortasuneko ETEak biltzen dituen autobus enpresen elkartea\u2013, IV. Kongresu Nazionalaren harira antolatutako Mahai Inguruan parte hartu zuen otsailaren 13an, Barbera del Vallesen (Bartzelona).\" \/>\n<meta property=\"og:url\" content=\"https:\/\/www.ondoan.com\/eu\/parte-hartzea-direbuseko-bidaiarien-errepideko-garraioko-eteen-elkarteko-kongresuan\" \/>\n<meta property=\"og:site_name\" content=\"Ondoan\" \/>\n<meta property=\"article:published_time\" content=\"2025-02-18T08:32:25+00:00\" \/>\n<meta property=\"og:image\" content=\"https:\/\/www.ondoan.com\/img\/2025\/02\/captura-de-pantalla-2025-02-14-a-las-12-12-18.png\" \/>\n\t<meta property=\"og:image:width\" content=\"1439\" \/>\n\t<meta property=\"og:image:height\" content=\"1080\" \/>\n\t<meta property=\"og:image:type\" content=\"image\/png\" \/>\n<meta name=\"twitter:card\" content=\"summary\" \/>\n<meta name=\"twitter:label1\" content=\"Written by\" \/>\n\t<meta name=\"twitter:data1\" content=\"Ondoan Administraci\u00f3n\" \/>\n\t<meta name=\"twitter:label2\" content=\"Est. reading time\" \/>\n\t<meta name=\"twitter:data2\" content=\"1 minutua\" \/>\n<script type=\"application\/ld+json\" class=\"yoast-schema-graph\">{\"@context\":\"https:\/\/schema.org\",\"@graph\":[{\"@type\":\"WebSite\",\"@id\":\"https:\/\/www.ondoan.com\/#website\",\"url\":\"https:\/\/www.ondoan.com\/\",\"name\":\"Ondoan\",\"description\":\"Ingenier\u00eda, Instalaciones y Medioambiente\",\"potentialAction\":[{\"@type\":\"SearchAction\",\"target\":{\"@type\":\"EntryPoint\",\"urlTemplate\":\"https:\/\/www.ondoan.com\/?s={search_term_string}\"},\"query-input\":\"required name=search_term_string\"}],\"inLanguage\":\"eu\"},{\"@type\":\"ImageObject\",\"inLanguage\":\"eu\",\"@id\":\"https:\/\/www.ondoan.com\/eu\/parte-hartzea-direbuseko-bidaiarien-errepideko-garraioko-eteen-elkarteko-kongresuan#primaryimage\",\"url\":\"https:\/\/www.ondoan.com\/img\/2025\/02\/captura-de-pantalla-2025-02-14-a-las-12-12-18.png\",\"contentUrl\":\"https:\/\/www.ondoan.com\/img\/2025\/02\/captura-de-pantalla-2025-02-14-a-las-12-12-18.png\",\"width\":1439,\"height\":1080},{\"@type\":\"WebPage\",\"@id\":\"https:\/\/www.ondoan.com\/eu\/parte-hartzea-direbuseko-bidaiarien-errepideko-garraioko-eteen-elkarteko-kongresuan#webpage\",\"url\":\"https:\/\/www.ondoan.com\/eu\/parte-hartzea-direbuseko-bidaiarien-errepideko-garraioko-eteen-elkarteko-kongresuan\",\"name\":\"Parte hartzea Direb\u00faseko, bidaiarien errepideko garraioko ETEen elkarteko, Kongresuan - Ondoan\",\"isPartOf\":{\"@id\":\"https:\/\/www.ondoan.com\/#website\"},\"primaryImageOfPage\":{\"@id\":\"https:\/\/www.ondoan.com\/eu\/parte-hartzea-direbuseko-bidaiarien-errepideko-garraioko-eteen-elkarteko-kongresuan#primaryimage\"},\"datePublished\":\"2025-02-18T08:32:25+00:00\",\"dateModified\":\"2025-02-18T08:32:25+00:00\",\"author\":{\"@id\":\"https:\/\/www.ondoan.com\/#\/schema\/person\/bf09a4cf4e2e28195fdd10744cb0ecd6\"},\"description\":\"I\u00f1aki Llanak, Urven Solutionsen ordezkari gisa, Direb\u00fas Espa\u00f1aren, \u2013bidaiarien errepideko garraioko eta mugikortasuneko ETEak biltzen dituen autobus enpresen elkartea\u2013, IV. Kongresu Nazionalaren harira antolatutako Mahai Inguruan parte hartu zuen otsailaren 13an, Barbera del Vallesen (Bartzelona).\",\"breadcrumb\":{\"@id\":\"https:\/\/www.ondoan.com\/eu\/parte-hartzea-direbuseko-bidaiarien-errepideko-garraioko-eteen-elkarteko-kongresuan#breadcrumb\"},\"inLanguage\":\"eu\",\"potentialAction\":[{\"@type\":\"ReadAction\",\"target\":[\"https:\/\/www.ondoan.com\/eu\/parte-hartzea-direbuseko-bidaiarien-errepideko-garraioko-eteen-elkarteko-kongresuan\"]}]},{\"@type\":\"BreadcrumbList\",\"@id\":\"https:\/\/www.ondoan.com\/eu\/parte-hartzea-direbuseko-bidaiarien-errepideko-garraioko-eteen-elkarteko-kongresuan#breadcrumb\",\"itemListElement\":[{\"@type\":\"ListItem\",\"position\":1,\"name\":\"Portada\",\"item\":\"https:\/\/www.ondoan.com\/\"},{\"@type\":\"ListItem\",\"position\":2,\"name\":\"Parte hartzea Direb\u00faseko, bidaiarien errepideko garraioko ETEen elkarteko, Kongresuan\"}]},{\"@type\":\"Person\",\"@id\":\"https:\/\/www.ondoan.com\/#\/schema\/person\/bf09a4cf4e2e28195fdd10744cb0ecd6\",\"name\":\"Ondoan Administraci\u00f3n\"}]}<\/script>\n<!-- \/ Yoast SEO plugin. -->","yoast_head_json":{"title":"Parte hartzea Direb\u00faseko, bidaiarien errepideko garraioko ETEen elkarteko, Kongresuan - Ondoan","description":"I\u00f1aki Llanak, Urven Solutionsen ordezkari gisa, Direb\u00fas Espa\u00f1aren, \u2013bidaiarien errepideko garraioko eta mugikortasuneko ETEak biltzen dituen autobus enpresen elkartea\u2013, IV. Kongresu Nazionalaren harira antolatutako Mahai Inguruan parte hartu zuen otsailaren 13an, Barbera del Vallesen (Bartzelona).","robots":{"index":"index","follow":"follow","max-snippet":"max-snippet:-1","max-image-preview":"max-image-preview:large","max-video-preview":"max-video-preview:-1"},"canonical":"https:\/\/www.ondoan.com\/eu\/parte-hartzea-direbuseko-bidaiarien-errepideko-garraioko-eteen-elkarteko-kongresuan","og_locale":"en_US","og_type":"article","og_title":"Parte hartzea Direb\u00faseko, bidaiarien errepideko garraioko ETEen elkarteko, Kongresuan - Ondoan","og_description":"I\u00f1aki Llanak, Urven Solutionsen ordezkari gisa, Direb\u00fas Espa\u00f1aren, \u2013bidaiarien errepideko garraioko eta mugikortasuneko ETEak biltzen dituen autobus enpresen elkartea\u2013, IV. Kongresu Nazionalaren harira antolatutako Mahai Inguruan parte hartu zuen otsailaren 13an, Barbera del Vallesen (Bartzelona).","og_url":"https:\/\/www.ondoan.com\/eu\/parte-hartzea-direbuseko-bidaiarien-errepideko-garraioko-eteen-elkarteko-kongresuan","og_site_name":"Ondoan","article_published_time":"2025-02-18T08:32:25+00:00","og_image":[{"width":1439,"height":1080,"url":"https:\/\/www.ondoan.com\/img\/2025\/02\/captura-de-pantalla-2025-02-14-a-las-12-12-18.png","type":"image\/png"}],"twitter_card":"summary","twitter_misc":{"Written by":"Ondoan Administraci\u00f3n","Est. reading time":"1 minutua"},"schema":{"@context":"https:\/\/schema.org","@graph":[{"@type":"WebSite","@id":"https:\/\/www.ondoan.com\/#website","url":"https:\/\/www.ondoan.com\/","name":"Ondoan","description":"Ingenier\u00eda, Instalaciones y Medioambiente","potentialAction":[{"@type":"SearchAction","target":{"@type":"EntryPoint","urlTemplate":"https:\/\/www.ondoan.com\/?s={search_term_string}"},"query-input":"required name=search_term_string"}],"inLanguage":"eu"},{"@type":"ImageObject","inLanguage":"eu","@id":"https:\/\/www.ondoan.com\/eu\/parte-hartzea-direbuseko-bidaiarien-errepideko-garraioko-eteen-elkarteko-kongresuan#primaryimage","url":"https:\/\/www.ondoan.com\/img\/2025\/02\/captura-de-pantalla-2025-02-14-a-las-12-12-18.png","contentUrl":"https:\/\/www.ondoan.com\/img\/2025\/02\/captura-de-pantalla-2025-02-14-a-las-12-12-18.png","width":1439,"height":1080},{"@type":"WebPage","@id":"https:\/\/www.ondoan.com\/eu\/parte-hartzea-direbuseko-bidaiarien-errepideko-garraioko-eteen-elkarteko-kongresuan#webpage","url":"https:\/\/www.ondoan.com\/eu\/parte-hartzea-direbuseko-bidaiarien-errepideko-garraioko-eteen-elkarteko-kongresuan","name":"Parte hartzea Direb\u00faseko, bidaiarien errepideko garraioko ETEen elkarteko, Kongresuan - Ondoan","isPartOf":{"@id":"https:\/\/www.ondoan.com\/#website"},"primaryImageOfPage":{"@id":"https:\/\/www.ondoan.com\/eu\/parte-hartzea-direbuseko-bidaiarien-errepideko-garraioko-eteen-elkarteko-kongresuan#primaryimage"},"datePublished":"2025-02-18T08:32:25+00:00","dateModified":"2025-02-18T08:32:25+00:00","author":{"@id":"https:\/\/www.ondoan.com\/#\/schema\/person\/bf09a4cf4e2e28195fdd10744cb0ecd6"},"description":"I\u00f1aki Llanak, Urven Solutionsen ordezkari gisa, Direb\u00fas Espa\u00f1aren, \u2013bidaiarien errepideko garraioko eta mugikortasuneko ETEak biltzen dituen autobus enpresen elkartea\u2013, IV. Kongresu Nazionalaren harira antolatutako Mahai Inguruan parte hartu zuen otsailaren 13an, Barbera del Vallesen (Bartzelona).","breadcrumb":{"@id":"https:\/\/www.ondoan.com\/eu\/parte-hartzea-direbuseko-bidaiarien-errepideko-garraioko-eteen-elkarteko-kongresuan#breadcrumb"},"inLanguage":"eu","potentialAction":[{"@type":"ReadAction","target":["https:\/\/www.ondoan.com\/eu\/parte-hartzea-direbuseko-bidaiarien-errepideko-garraioko-eteen-elkarteko-kongresuan"]}]},{"@type":"BreadcrumbList","@id":"https:\/\/www.ondoan.com\/eu\/parte-hartzea-direbuseko-bidaiarien-errepideko-garraioko-eteen-elkarteko-kongresuan#breadcrumb","itemListElement":[{"@type":"ListItem","position":1,"name":"Portada","item":"https:\/\/www.ondoan.com\/"},{"@type":"ListItem","position":2,"name":"Parte hartzea Direb\u00faseko, bidaiarien errepideko garraioko ETEen elkarteko, Kongresuan"}]},{"@type":"Person","@id":"https:\/\/www.ondoan.com\/#\/schema\/person\/bf09a4cf4e2e28195fdd10744cb0ecd6","name":"Ondoan Administraci\u00f3n"}]}},"_links":{"self":[{"href":"https:\/\/www.ondoan.com\/eu\/wp-json\/wp\/v2\/posts\/6906"}],"collection":[{"href":"https:\/\/www.ondoan.com\/eu\/wp-json\/wp\/v2\/posts"}],"about":[{"href":"https:\/\/www.ondoan.com\/eu\/wp-json\/wp\/v2\/types\/post"}],"author":[{"embeddable":true,"href":"https:\/\/www.ondoan.com\/eu\/wp-json\/wp\/v2\/users\/5"}],"replies":[{"embeddable":true,"href":"https:\/\/www.ondoan.com\/eu\/wp-json\/wp\/v2\/comments?post=6906"}],"version-history":[{"count":0,"href":"https:\/\/www.ondoan.com\/eu\/wp-json\/wp\/v2\/posts\/6906\/revisions"}],"wp:featuredmedia":[{"embeddable":true,"href":"https:\/\/www.ondoan.com\/eu\/wp-json\/wp\/v2\/media\/6901"}],"wp:attachment":[{"href":"https:\/\/www.ondoan.com\/eu\/wp-json\/wp\/v2\/media?parent=6906"}],"wp:term":[{"taxonomy":"category","embeddable":true,"href":"https:\/\/www.ondoan.com\/eu\/wp-json\/wp\/v2\/categories?post=6906"},{"taxonomy":"post_tag","embeddable":true,"href":"https:\/\/www.ondoan.com\/eu\/wp-json\/wp\/v2\/tags?post=6906"}],"curies":[{"name":"wp","href":"https:\/\/api.w.org\/{rel}","templated":true}]}}